{"id":3002,"date":"2023-06-05T18:56:33","date_gmt":"2023-06-05T16:56:33","guid":{"rendered":"https:\/\/www.sv-rothebusch.de\/site\/?p=3002"},"modified":"2023-08-31T20:28:39","modified_gmt":"2023-08-31T18:28:39","slug":"svr-schuetzenfest-2023","status":"publish","type":"post","link":"https:\/\/www.sv-rothebusch.de\/site\/?p=3002","title":{"rendered":"SVR Sch\u00fctzenfest 2023 inkl. Festzeitschrift"},"content":{"rendered":"<p>Liebe B\u00fcrgerinnen und B\u00fcrger, liebe Sch\u00fctzinnen und Sch\u00fctzen,<\/p>\n<p>bald ist es wieder soweit. Unser diesj\u00e4hriges Sch\u00fctzenfest ist zum greifen nah!<br \/>\nWir freuen uns darauf, vom <strong>18.08.2023<\/strong> bis zum <strong>20.08.2023<\/strong>, drei Tage lang mit euch zu feiern und Spa\u00df zu haben.<\/p>\n<p>Nat\u00fcrlich hoffen wir, dass auch das Wetter in diesem Jahr wieder mitspielt. Aber wie ja jeder wei\u00df ist das noch eine Sache wo wir leider keinen Einfluss drauf haben.<br \/>\nDa hilft nur Daumen dr\u00fccken!<\/p>\n<p>Anbei wollen wir euch schonmal unser diesj\u00e4hriges Programmheft sowie das Plakat zur Verf\u00fcgung stellen, damit sich jeder schonmal die Zeiten merken kann.<br \/>\nSelbstverst\u00e4ndlich werden auch wieder Flyer und Plakate auf Rothebusch bis nach Osterfeld hinein verteilt.<\/p>\n<p>Update 07.08.2023: Ab sofort steht euch auch die Festzeitschrift im PDF Format zur Verf\u00fcgung!<\/p>\n<p>Wir freuen uns auf euch!<\/p>\n<p>Gut Schuss<br \/>\nDer Vorstand<\/p>\n<p><a href=\"https:\/\/www.sv-rothebusch.de\/site\/wp-content\/uploads\/2023\/05\/Festschrift_DIN_lang_Programm2023_VFIN_front.jpg\"><img loading=\"lazy\" decoding=\"async\" class=\"alignleft size-medium wp-image-3004\" src=\"https:\/\/www.sv-rothebusch.de\/site\/wp-content\/uploads\/2023\/05\/Festschrift_DIN_lang_Programm2023_VFIN_front-300x212.jpg\" alt=\"\" width=\"300\" height=\"212\" srcset=\"https:\/\/www.sv-rothebusch.de\/site\/wp-content\/uploads\/2023\/05\/Festschrift_DIN_lang_Programm2023_VFIN_front-300x212.jpg 300w, https:\/\/www.sv-rothebusch.de\/site\/wp-content\/uploads\/2023\/05\/Festschrift_DIN_lang_Programm2023_VFIN_front-1024x724.jpg 1024w, https:\/\/www.sv-rothebusch.de\/site\/wp-content\/uploads\/2023\/05\/Festschrift_DIN_lang_Programm2023_VFIN_front-768x543.jpg 768w, https:\/\/www.sv-rothebusch.de\/site\/wp-content\/uploads\/2023\/05\/Festschrift_DIN_lang_Programm2023_VFIN_front-1536x1086.jpg 1536w, https:\/\/www.sv-rothebusch.de\/site\/wp-content\/uploads\/2023\/05\/Festschrift_DIN_lang_Programm2023_VFIN_front.jpg 1754w\" sizes=\"auto, (max-width: 300px) 100vw, 300px\" \/><\/a><a href=\"https:\/\/www.sv-rothebusch.de\/site\/wp-content\/uploads\/2023\/06\/Festschrift_DIN_lang_Programm2023_V_FIN_back.jpg\"><img loading=\"lazy\" decoding=\"async\" class=\"alignleft wp-image-3034 size-medium\" src=\"https:\/\/www.sv-rothebusch.de\/site\/wp-content\/uploads\/2023\/06\/Festschrift_DIN_lang_Programm2023_V_FIN_back-300x212.jpg\" alt=\"\" width=\"300\" height=\"212\" srcset=\"https:\/\/www.sv-rothebusch.de\/site\/wp-content\/uploads\/2023\/06\/Festschrift_DIN_lang_Programm2023_V_FIN_back-300x212.jpg 300w, https:\/\/www.sv-rothebusch.de\/site\/wp-content\/uploads\/2023\/06\/Festschrift_DIN_lang_Programm2023_V_FIN_back-1024x724.jpg 1024w, https:\/\/www.sv-rothebusch.de\/site\/wp-content\/uploads\/2023\/06\/Festschrift_DIN_lang_Programm2023_V_FIN_back-768x543.jpg 768w, https:\/\/www.sv-rothebusch.de\/site\/wp-content\/uploads\/2023\/06\/Festschrift_DIN_lang_Programm2023_V_FIN_back-1536x1086.jpg 1536w, https:\/\/www.sv-rothebusch.de\/site\/wp-content\/uploads\/2023\/06\/Festschrift_DIN_lang_Programm2023_V_FIN_back.jpg 1754w\" sizes=\"auto, (max-width: 300px) 100vw, 300px\" \/><\/a> <a href=\"https:\/\/www.sv-rothebusch.de\/site\/wp-content\/uploads\/2023\/06\/Poster_A2_Programm2023_VFIN_klein.jpg\"><img loading=\"lazy\" decoding=\"async\" class=\"alignleft wp-image-3033 size-medium\" src=\"https:\/\/www.sv-rothebusch.de\/site\/wp-content\/uploads\/2023\/06\/Poster_A2_Programm2023_VFIN_klein-212x300.jpg\" alt=\"\" width=\"212\" height=\"300\" srcset=\"https:\/\/www.sv-rothebusch.de\/site\/wp-content\/uploads\/2023\/06\/Poster_A2_Programm2023_VFIN_klein-212x300.jpg 212w, https:\/\/www.sv-rothebusch.de\/site\/wp-content\/uploads\/2023\/06\/Poster_A2_Programm2023_VFIN_klein-724x1024.jpg 724w, https:\/\/www.sv-rothebusch.de\/site\/wp-content\/uploads\/2023\/06\/Poster_A2_Programm2023_VFIN_klein-768x1087.jpg 768w, https:\/\/www.sv-rothebusch.de\/site\/wp-content\/uploads\/2023\/06\/Poster_A2_Programm2023_VFIN_klein-1086x1536.jpg 1086w, https:\/\/www.sv-rothebusch.de\/site\/wp-content\/uploads\/2023\/06\/Poster_A2_Programm2023_VFIN_klein.jpg 1280w\" sizes=\"auto, (max-width: 212px) 100vw, 212px\" \/><\/a><a href=\"https:\/\/www.sv-rothebusch.de\/site\/wp-content\/uploads\/2023\/08\/Festschrift_2023_WEB.pdf\"><img loading=\"lazy\" decoding=\"async\" class=\"alignleft wp-image-3045 size-medium\" src=\"https:\/\/www.sv-rothebusch.de\/site\/wp-content\/uploads\/2023\/08\/Festzeitschrift_2023_Pic-210x300.jpg\" alt=\"\" width=\"210\" height=\"300\" srcset=\"https:\/\/www.sv-rothebusch.de\/site\/wp-content\/uploads\/2023\/08\/Festzeitschrift_2023_Pic-210x300.jpg 210w, https:\/\/www.sv-rothebusch.de\/site\/wp-content\/uploads\/2023\/08\/Festzeitschrift_2023_Pic.jpg 635w\" sizes=\"auto, (max-width: 210px) 100vw, 210px\" \/><\/a><\/p>\n","protected":false},"excerpt":{"rendered":"<p>Liebe B\u00fcrgerinnen und B\u00fcrger, liebe Sch\u00fctzinnen und Sch\u00fctzen, bald ist es wieder soweit. Unser diesj\u00e4hriges Sch\u00fctzenfest ist zum greifen nah! Wir freuen uns darauf, vom 18.08.2023 bis zum 20.08.2023, drei Tage lang mit euch zu feiern und Spa\u00df zu haben. Nat\u00fcrlich hoffen wir, dass auch das Wetter in diesem Jahr wieder mitspielt. Aber wie ja [&hellip;]<\/p>\n","protected":false},"author":4,"featured_media":3008,"comment_status":"closed","ping_status":"closed","sticky":false,"template":"","format":"standard","meta":{"footnotes":""},"categories":[65,6,1],"tags":[],"class_list":{"0":"post-3002","1":"post","2":"type-post","3":"status-publish","4":"format-standard","5":"has-post-thumbnail","6":"hentry","7":"category-aktuelles","8":"category-tradition","9":"category-vereinsleben","11":"post-with-thumbnail","12":"post-with-thumbnail-large"},"_links":{"self":[{"href":"https:\/\/www.sv-rothebusch.de\/site\/index.php?rest_route=\/wp\/v2\/posts\/3002","targetHints":{"allow":["GET"]}}],"collection":[{"href":"https:\/\/www.sv-rothebusch.de\/site\/index.php?rest_route=\/wp\/v2\/posts"}],"about":[{"href":"https:\/\/www.sv-rothebusch.de\/site\/index.php?rest_route=\/wp\/v2\/types\/post"}],"author":[{"embeddable":true,"href":"https:\/\/www.sv-rothebusch.de\/site\/index.php?rest_route=\/wp\/v2\/users\/4"}],"replies":[{"embeddable":true,"href":"https:\/\/www.sv-rothebusch.de\/site\/index.php?rest_route=%2Fwp%2Fv2%2Fcomments&post=3002"}],"version-history":[{"count":8,"href":"https:\/\/www.sv-rothebusch.de\/site\/index.php?rest_route=\/wp\/v2\/posts\/3002\/revisions"}],"predecessor-version":[{"id":3050,"href":"https:\/\/www.sv-rothebusch.de\/site\/index.php?rest_route=\/wp\/v2\/posts\/3002\/revisions\/3050"}],"wp:featuredmedia":[{"embeddable":true,"href":"https:\/\/www.sv-rothebusch.de\/site\/index.php?rest_route=\/wp\/v2\/media\/3008"}],"wp:attachment":[{"href":"https:\/\/www.sv-rothebusch.de\/site\/index.php?rest_route=%2Fwp%2Fv2%2Fmedia&parent=3002"}],"wp:term":[{"taxonomy":"category","embeddable":true,"href":"https:\/\/www.sv-rothebusch.de\/site\/index.php?rest_route=%2Fwp%2Fv2%2Fcategories&post=3002"},{"taxonomy":"post_tag","embeddable":true,"href":"https:\/\/www.sv-rothebusch.de\/site\/index.php?rest_route=%2Fwp%2Fv2%2Ftags&post=3002"}],"curies":[{"name":"wp","href":"https:\/\/api.w.org\/{rel}","templated":true}]}}