{"id":2616,"date":"2022-10-05T08:10:30","date_gmt":"2022-10-05T07:10:30","guid":{"rendered":"https:\/\/www.sv-rothebusch.de\/site\/?p=2616"},"modified":"2023-05-10T23:03:01","modified_gmt":"2023-05-10T22:03:01","slug":"kreisdamenvogelschiessen-2022","status":"publish","type":"post","link":"https:\/\/www.sv-rothebusch.de\/site\/?p=2616","title":{"rendered":"Kreisdamenvogelschie\u00dfen 2022"},"content":{"rendered":"\n<p>Nach den ganzen Sch\u00fctzenfesten standen die Veranstaltungen unseres Kreises 011 an. Dieses Jahr durften wir das Kreisdamenvogelschie\u00dfen ausrichten und freuten uns, dass viele Damen der Einladung gefolgt sind. <br>Am 4.9.2022 ging es um 11 Uhr los. Nach und nach kamen die Damen des Kreises auf unserer Vereinslage an, um ihre K\u00f6niginnen oder ihre Kaiserinnen zu unterst\u00fctzen und auch unsere Damen unterst\u00fctzten unsere K\u00f6nigin Michelle Wiesemann.<br>Die Kreisdamenleiterin Heike Schuhmacher begr\u00fc\u00dfte uns alle sehr herzlich und nach der Begr\u00fc\u00dfung der Ehreng\u00e4ste ging es auch mit dem Eichelschie\u00dfen f\u00fcr die Ehreng\u00e4ste und das Startnummernziehen der Damen f\u00fcr das Vogelschie\u00dfen los. <br>Mit Beginn des Vogelschie\u00dfens wurden dem Vogel alle Pf\u00e4nder geraubt. Leider hatten unsere Damen kein Gl\u00fcck dabei. Nachdem alle Pf\u00e4nder unten waren, ging es weiter ans Rumpfschie\u00dfen. Auch da hatten unsere Damen leider kein gl\u00fcckliches H\u00e4ndchen. Wir gratulieren auch auf diesem Wege nochmal der Tagesk\u00f6nigin zu ihrer gl\u00fccklichen Hand.<br>Den ganzen Tag \u00fcber haben unsere Jugend und unsere Herren des Vereins die Damen mit k\u00fchlen Getr\u00e4nken, leckerem Grillzeug und Kuchen versorgt. Daf\u00fcr nochmal ein gro\u00dfer Dank, dass ihr trotz wenig helfenden H\u00e4nden so viel geleistet habt. Ihr wart wirklich super engagiert.<\/p>\n","protected":false},"excerpt":{"rendered":"<p>Nach den ganzen Sch\u00fctzenfesten standen die Veranstaltungen unseres Kreises 011 an. Dieses Jahr durften wir das Kreisdamenvogelschie\u00dfen ausrichten und freuten uns, dass viele Damen der Einladung gefolgt sind. Am 4.9.2022 ging es um 11 Uhr los. Nach und nach kamen die Damen des Kreises auf unserer Vereinslage an, um ihre K\u00f6niginnen oder ihre Kaiserinnen zu [&hellip;]<\/p>\n","protected":false},"author":13,"featured_media":2865,"comment_status":"closed","ping_status":"closed","sticky":false,"template":"","format":"standard","meta":{"footnotes":""},"categories":[1],"tags":[61,47],"class_list":{"0":"post-2616","1":"post","2":"type-post","3":"status-publish","4":"format-standard","5":"has-post-thumbnail","6":"hentry","7":"category-vereinsleben","8":"tag-61","9":"tag-kreis","11":"post-with-thumbnail","12":"post-with-thumbnail-large"},"_links":{"self":[{"href":"https:\/\/www.sv-rothebusch.de\/site\/index.php?rest_route=\/wp\/v2\/posts\/2616","targetHints":{"allow":["GET"]}}],"collection":[{"href":"https:\/\/www.sv-rothebusch.de\/site\/index.php?rest_route=\/wp\/v2\/posts"}],"about":[{"href":"https:\/\/www.sv-rothebusch.de\/site\/index.php?rest_route=\/wp\/v2\/types\/post"}],"author":[{"embeddable":true,"href":"https:\/\/www.sv-rothebusch.de\/site\/index.php?rest_route=\/wp\/v2\/users\/13"}],"replies":[{"embeddable":true,"href":"https:\/\/www.sv-rothebusch.de\/site\/index.php?rest_route=%2Fwp%2Fv2%2Fcomments&post=2616"}],"version-history":[{"count":1,"href":"https:\/\/www.sv-rothebusch.de\/site\/index.php?rest_route=\/wp\/v2\/posts\/2616\/revisions"}],"predecessor-version":[{"id":2617,"href":"https:\/\/www.sv-rothebusch.de\/site\/index.php?rest_route=\/wp\/v2\/posts\/2616\/revisions\/2617"}],"wp:featuredmedia":[{"embeddable":true,"href":"https:\/\/www.sv-rothebusch.de\/site\/index.php?rest_route=\/wp\/v2\/media\/2865"}],"wp:attachment":[{"href":"https:\/\/www.sv-rothebusch.de\/site\/index.php?rest_route=%2Fwp%2Fv2%2Fmedia&parent=2616"}],"wp:term":[{"taxonomy":"category","embeddable":true,"href":"https:\/\/www.sv-rothebusch.de\/site\/index.php?rest_route=%2Fwp%2Fv2%2Fcategories&post=2616"},{"taxonomy":"post_tag","embeddable":true,"href":"https:\/\/www.sv-rothebusch.de\/site\/index.php?rest_route=%2Fwp%2Fv2%2Ftags&post=2616"}],"curies":[{"name":"wp","href":"https:\/\/api.w.org\/{rel}","templated":true}]}}