{"id":2483,"date":"2021-10-13T19:32:11","date_gmt":"2021-10-13T18:32:11","guid":{"rendered":"https:\/\/www.sv-rothebusch.de\/site\/?p=2483"},"modified":"2023-05-10T22:27:55","modified_gmt":"2023-05-10T21:27:55","slug":"nachruf-manfred-tiemann","status":"publish","type":"post","link":"https:\/\/www.sv-rothebusch.de\/site\/?p=2483","title":{"rendered":"Nachruf Manfred Tiemann"},"content":{"rendered":"\n<p>Am 05.10.2021 ist unser Mitglied Manfred Tiemann verstorben.<br>Manfred war seit 1976 Mitglied im Sch\u00fctzenverein Rothebusch 1922 e.V.<br>In diesen 45 Jahren hat er den Verein gepr\u00e4gt, wie kaum ein anderes Mitglied.<br><br>1979 trat er dem Vereinsvorstand als Schriftf\u00fchrer bei. <br>1983 \u00fcbernahm er das Amt des 2. Vorsitzenden und pr\u00e4gte auch so unsere aktuelle Vereinssatzung von 1984.<br>Am 27.02.1988 wurde Manfred auf einer au\u00dferordentlichen Jahreshauptversammlung zum 1. Vorsitzenden gew\u00e4hlt.<br>\u00dcber 20 Jahre bis 2008 begleitete er dieses Amt und wurde anschlie\u00dfend zu unserem<br>Ehrenvorsitzenden ernannt.<br><br>Als es f\u00fcr uns in den 1990er hie\u00df, dass wir den Schie\u00dfstand unter dem Gasthaus L\u00fcger verlieren, war Manfred eine der treibenden Kr\u00e4fte f\u00fcr den Bau unseres eigenen Vereinsheims an der N\u00fcrnberger Stra\u00dfe. <br>Mit viel Schwei\u00df und \u00dcberzeugungskraft schuf er zusammen mit den Mitgliedern ein Erbe,<br>was uns bis heute erhalten blieb.<br>Manfred war auch im Schie\u00dfsportbereich t\u00e4tig und nahm flei\u00dfig und erfolgreich an Wettk\u00e4mpfen teil.<br>Bis zur Vor-Coronasaison f\u00fchrte er auch eine Mannschaft bei den j\u00e4hrlichen Ligawettk\u00e4mpfen in der Disziplin Luftgewehr Auflage.<br>Ebenso stand Manfred auch immer f\u00fcr die Tradition des Sch\u00fctzenwesens in unserem Verein ein.<br>Er verpasste nur in seltensten F\u00e4llen Ausm\u00e4rsche bei unseren Brudervereinen und trug zur Not auch bis ins hohe Alter die Vereinsfahne.<br>Insbesondere nahm er stets und mit gro\u00dfer \u00dcberzeugung an den Fronleichnamsprozessionen teil.<br>1981 und 1998 vertrat Manfred als ausgeschossener K\u00f6nig unseren Verein. Ebenso 2007 als gew\u00e4hlter K\u00f6nig an der Seite seiner Frau Ursel.<br><br>Im M\u00e4rz 2018 wurde er schlie\u00dflich auf dem J\u00e4hrlichen Thronabend feierlich zum Ehrenoffizier ernannt.<br><br>Auch die Jugend lag Manfred stets am Herzen.<br>Er hatte nicht nur immer ein offenes Ohr f\u00fcr seine Jugend, in der er stets die Zukunft des Vereins sah, er besuchte auch zusammen mit der Jugend das j\u00e4hrliche Sch\u00fctzenfest in Sandbostel.<br>Seit 2007 lud Manfred j\u00e4hrlich, zusammen mit seiner Frau Ursel, unsere Jugendabteilung zum gemeinsamen Grillen in seinem Haus ein.<br>Nach seiner Amtsniederlegung als 1. Vorsitzender im Jahr 2008, benannte die Jugendabteilung ihn zu ihrem Ehrenjugendmitglied.<br><br>Sein Engagement, Einsatz und Liebe zum Verein sowie sein Erbe und die sch\u00f6nen gemeinsamen Zeiten werden wir stets im Herzen behalten.<br><br>Unser herzliches Beileid gilt seiner Frau Ursel und seiner Familie.<\/p>\n","protected":false},"excerpt":{"rendered":"<p>Am 05.10.2021 ist unser Mitglied Manfred Tiemann verstorben.Manfred war seit 1976 Mitglied im Sch\u00fctzenverein Rothebusch 1922 e.V.In diesen 45 Jahren hat er den Verein gepr\u00e4gt, wie kaum ein anderes Mitglied. 1979 trat er dem Vereinsvorstand als Schriftf\u00fchrer bei. 1983 \u00fcbernahm er das Amt des 2. Vorsitzenden und pr\u00e4gte auch so unsere aktuelle Vereinssatzung von 1984.Am [&hellip;]<\/p>\n","protected":false},"author":12,"featured_media":2858,"comment_status":"closed","ping_status":"closed","sticky":false,"template":"","format":"standard","meta":{"footnotes":""},"categories":[1],"tags":[],"class_list":{"0":"post-2483","1":"post","2":"type-post","3":"status-publish","4":"format-standard","5":"has-post-thumbnail","6":"hentry","7":"category-vereinsleben","9":"post-with-thumbnail","10":"post-with-thumbnail-large"},"_links":{"self":[{"href":"https:\/\/www.sv-rothebusch.de\/site\/index.php?rest_route=\/wp\/v2\/posts\/2483","targetHints":{"allow":["GET"]}}],"collection":[{"href":"https:\/\/www.sv-rothebusch.de\/site\/index.php?rest_route=\/wp\/v2\/posts"}],"about":[{"href":"https:\/\/www.sv-rothebusch.de\/site\/index.php?rest_route=\/wp\/v2\/types\/post"}],"author":[{"embeddable":true,"href":"https:\/\/www.sv-rothebusch.de\/site\/index.php?rest_route=\/wp\/v2\/users\/12"}],"replies":[{"embeddable":true,"href":"https:\/\/www.sv-rothebusch.de\/site\/index.php?rest_route=%2Fwp%2Fv2%2Fcomments&post=2483"}],"version-history":[{"count":3,"href":"https:\/\/www.sv-rothebusch.de\/site\/index.php?rest_route=\/wp\/v2\/posts\/2483\/revisions"}],"predecessor-version":[{"id":2491,"href":"https:\/\/www.sv-rothebusch.de\/site\/index.php?rest_route=\/wp\/v2\/posts\/2483\/revisions\/2491"}],"wp:featuredmedia":[{"embeddable":true,"href":"https:\/\/www.sv-rothebusch.de\/site\/index.php?rest_route=\/wp\/v2\/media\/2858"}],"wp:attachment":[{"href":"https:\/\/www.sv-rothebusch.de\/site\/index.php?rest_route=%2Fwp%2Fv2%2Fmedia&parent=2483"}],"wp:term":[{"taxonomy":"category","embeddable":true,"href":"https:\/\/www.sv-rothebusch.de\/site\/index.php?rest_route=%2Fwp%2Fv2%2Fcategories&post=2483"},{"taxonomy":"post_tag","embeddable":true,"href":"https:\/\/www.sv-rothebusch.de\/site\/index.php?rest_route=%2Fwp%2Fv2%2Ftags&post=2483"}],"curies":[{"name":"wp","href":"https:\/\/api.w.org\/{rel}","templated":true}]}}