{"id":2213,"date":"2019-07-03T16:03:41","date_gmt":"2019-07-03T15:03:41","guid":{"rendered":"https:\/\/www.sv-rothebusch.de\/site\/?p=2213"},"modified":"2019-08-26T10:06:08","modified_gmt":"2019-08-26T09:06:08","slug":"plakat-zum-schuetzenfest-2019","status":"publish","type":"post","link":"https:\/\/www.sv-rothebusch.de\/site\/?p=2213","title":{"rendered":"Plakat zum Sch\u00fctzenfest 2019"},"content":{"rendered":"\n<p>Hier k\u00f6nnt Ihr unser Programm zum Sch\u00fctzenfest 2019 vom 16.8.-18.8.2019 euch anschauen.<\/p>\n\n\n\n<p>Viel Spa\u00df<\/p>\n\n\n\n<p><a href=\"https:\/\/www.sv-rothebusch.de\/site\/wp-content\/uploads\/2019\/07\/Poster_A2_Programm2019_web.pdf\"><strong>Plakat 2019<\/strong><\/a><\/p>\n","protected":false},"excerpt":{"rendered":"<p>Hier k\u00f6nnt Ihr unser Programm zum Sch\u00fctzenfest 2019 vom 16.8.-18.8.2019 euch anschauen. Viel Spa\u00df Plakat 2019<\/p>\n","protected":false},"author":6,"featured_media":2866,"comment_status":"closed","ping_status":"closed","sticky":false,"template":"","format":"standard","meta":{"footnotes":""},"categories":[6,1],"tags":[45,33],"class_list":{"0":"post-2213","1":"post","2":"type-post","3":"status-publish","4":"format-standard","5":"has-post-thumbnail","6":"hentry","7":"category-tradition","8":"category-vereinsleben","9":"tag-45","10":"tag-schuetzenfest","12":"post-with-thumbnail","13":"post-with-thumbnail-large"},"_links":{"self":[{"href":"https:\/\/www.sv-rothebusch.de\/site\/index.php?rest_route=\/wp\/v2\/posts\/2213","targetHints":{"allow":["GET"]}}],"collection":[{"href":"https:\/\/www.sv-rothebusch.de\/site\/index.php?rest_route=\/wp\/v2\/posts"}],"about":[{"href":"https:\/\/www.sv-rothebusch.de\/site\/index.php?rest_route=\/wp\/v2\/types\/post"}],"author":[{"embeddable":true,"href":"https:\/\/www.sv-rothebusch.de\/site\/index.php?rest_route=\/wp\/v2\/users\/6"}],"replies":[{"embeddable":true,"href":"https:\/\/www.sv-rothebusch.de\/site\/index.php?rest_route=%2Fwp%2Fv2%2Fcomments&post=2213"}],"version-history":[{"count":1,"href":"https:\/\/www.sv-rothebusch.de\/site\/index.php?rest_route=\/wp\/v2\/posts\/2213\/revisions"}],"predecessor-version":[{"id":2214,"href":"https:\/\/www.sv-rothebusch.de\/site\/index.php?rest_route=\/wp\/v2\/posts\/2213\/revisions\/2214"}],"wp:featuredmedia":[{"embeddable":true,"href":"https:\/\/www.sv-rothebusch.de\/site\/index.php?rest_route=\/wp\/v2\/media\/2866"}],"wp:attachment":[{"href":"https:\/\/www.sv-rothebusch.de\/site\/index.php?rest_route=%2Fwp%2Fv2%2Fmedia&parent=2213"}],"wp:term":[{"taxonomy":"category","embeddable":true,"href":"https:\/\/www.sv-rothebusch.de\/site\/index.php?rest_route=%2Fwp%2Fv2%2Fcategories&post=2213"},{"taxonomy":"post_tag","embeddable":true,"href":"https:\/\/www.sv-rothebusch.de\/site\/index.php?rest_route=%2Fwp%2Fv2%2Ftags&post=2213"}],"curies":[{"name":"wp","href":"https:\/\/api.w.org\/{rel}","templated":true}]}}