{"id":2205,"date":"2019-06-22T15:29:36","date_gmt":"2019-06-22T14:29:36","guid":{"rendered":"https:\/\/www.sv-rothebusch.de\/site\/?p=2205"},"modified":"2019-08-26T10:06:43","modified_gmt":"2019-08-26T09:06:43","slug":"frohnleichnamsprozession","status":"publish","type":"post","link":"https:\/\/www.sv-rothebusch.de\/site\/?p=2205","title":{"rendered":"Frohnleichnamsprozession"},"content":{"rendered":"\n<p>Auch in diesem Jahr waren die Offiziere des Sch\u00fctzenverein Rothebusch, bei der Fronleichnamsprozession in Osterfeld, dabei. In diesem Jahr begleiteten wir mit 9 Offizieren die&nbsp;Prozession.<\/p>\n\n\n\n<div class=\"wp-block-image\"><figure class=\"alignright is-resized\"><img loading=\"lazy\" decoding=\"async\" src=\"https:\/\/www.sv-rothebusch.de\/site\/wp-content\/uploads\/2019\/06\/IMG-20190620-WA0009-1024x575.jpg\" alt=\"\" class=\"wp-image-2206\" width=\"389\" height=\"218\" srcset=\"https:\/\/www.sv-rothebusch.de\/site\/wp-content\/uploads\/2019\/06\/IMG-20190620-WA0009-1024x575.jpg 1024w, https:\/\/www.sv-rothebusch.de\/site\/wp-content\/uploads\/2019\/06\/IMG-20190620-WA0009-300x169.jpg 300w, https:\/\/www.sv-rothebusch.de\/site\/wp-content\/uploads\/2019\/06\/IMG-20190620-WA0009-768x432.jpg 768w, https:\/\/www.sv-rothebusch.de\/site\/wp-content\/uploads\/2019\/06\/IMG-20190620-WA0009-500x281.jpg 500w, https:\/\/www.sv-rothebusch.de\/site\/wp-content\/uploads\/2019\/06\/IMG-20190620-WA0009.jpg 1600w\" sizes=\"auto, (max-width: 389px) 100vw, 389px\" \/><\/figure><\/div>\n\n\n\n<p>In diesem Jahr ging es vom Haus Ripshorst \u00fcber die Felder Oberhausen Borbecks zur Gemeinde&nbsp; Judas Tad\u00e4hus.<\/p>\n\n\n\n<p>Nach dem Schlusssegen in der Kirche&nbsp;lud die Geimeinde bei sch\u00f6nen Wetter noch zum Verweilen an der Kirche ein.<\/p>\n\n\n\n<p>&nbsp;<\/p>\n","protected":false},"excerpt":{"rendered":"<p>Auch in diesem Jahr waren die Offiziere des Sch\u00fctzenverein Rothebusch, bei der Fronleichnamsprozession in Osterfeld, dabei. In diesem Jahr begleiteten wir mit 9 Offizieren die&nbsp;Prozession. In diesem Jahr ging es vom Haus Ripshorst \u00fcber die Felder Oberhausen Borbecks zur Gemeinde&nbsp; Judas Tad\u00e4hus. Nach dem Schlusssegen in der Kirche&nbsp;lud die Geimeinde bei sch\u00f6nen Wetter noch zum [&hellip;]<\/p>\n","protected":false},"author":12,"featured_media":2866,"comment_status":"closed","ping_status":"closed","sticky":false,"template":"","format":"standard","meta":{"footnotes":""},"categories":[1],"tags":[45,46],"class_list":{"0":"post-2205","1":"post","2":"type-post","3":"status-publish","4":"format-standard","5":"has-post-thumbnail","6":"hentry","7":"category-vereinsleben","8":"tag-45","9":"tag-frohnleichnamsprezession","11":"post-with-thumbnail","12":"post-with-thumbnail-large"},"_links":{"self":[{"href":"https:\/\/www.sv-rothebusch.de\/site\/index.php?rest_route=\/wp\/v2\/posts\/2205","targetHints":{"allow":["GET"]}}],"collection":[{"href":"https:\/\/www.sv-rothebusch.de\/site\/index.php?rest_route=\/wp\/v2\/posts"}],"about":[{"href":"https:\/\/www.sv-rothebusch.de\/site\/index.php?rest_route=\/wp\/v2\/types\/post"}],"author":[{"embeddable":true,"href":"https:\/\/www.sv-rothebusch.de\/site\/index.php?rest_route=\/wp\/v2\/users\/12"}],"replies":[{"embeddable":true,"href":"https:\/\/www.sv-rothebusch.de\/site\/index.php?rest_route=%2Fwp%2Fv2%2Fcomments&post=2205"}],"version-history":[{"count":2,"href":"https:\/\/www.sv-rothebusch.de\/site\/index.php?rest_route=\/wp\/v2\/posts\/2205\/revisions"}],"predecessor-version":[{"id":2256,"href":"https:\/\/www.sv-rothebusch.de\/site\/index.php?rest_route=\/wp\/v2\/posts\/2205\/revisions\/2256"}],"wp:featuredmedia":[{"embeddable":true,"href":"https:\/\/www.sv-rothebusch.de\/site\/index.php?rest_route=\/wp\/v2\/media\/2866"}],"wp:attachment":[{"href":"https:\/\/www.sv-rothebusch.de\/site\/index.php?rest_route=%2Fwp%2Fv2%2Fmedia&parent=2205"}],"wp:term":[{"taxonomy":"category","embeddable":true,"href":"https:\/\/www.sv-rothebusch.de\/site\/index.php?rest_route=%2Fwp%2Fv2%2Fcategories&post=2205"},{"taxonomy":"post_tag","embeddable":true,"href":"https:\/\/www.sv-rothebusch.de\/site\/index.php?rest_route=%2Fwp%2Fv2%2Ftags&post=2205"}],"curies":[{"name":"wp","href":"https:\/\/api.w.org\/{rel}","templated":true}]}}