{"id":2028,"date":"2018-07-31T07:31:01","date_gmt":"2018-07-31T06:31:01","guid":{"rendered":"http:\/\/www.sv-rothebusch.de\/site\/?p=2028"},"modified":"2018-07-31T07:33:23","modified_gmt":"2018-07-31T06:33:23","slug":"einladung-schuetzenfest-svr-2018","status":"publish","type":"post","link":"https:\/\/www.sv-rothebusch.de\/site\/?p=2028","title":{"rendered":"Einladung Sch\u00fctzenfest SVR 2018"},"content":{"rendered":"<p><span style=\"color: #333333; font-family: 'Helvetica','sans-serif'; font-size: 11.5pt;\">Es ist wieder soweit, der H\u00f6hepunkt unseres Sch\u00fctzenjahres steht vor der T\u00fcr.<br \/>\nDas j\u00e4hrliche Sch\u00fctzenfest auf Rothebusch an der N\u00fcrnbergerstr. 99 findet vom 17. &#8211; 19.08.2018 statt.<br \/>\nDazu m\u00f6chten das K\u00f6nigspaar J\u00fcrgen III. Theisen und Margret VII. Theisen mit Hofstaat alle Sch\u00fctzenbr\u00fcder, Sch\u00fctzenschwestern und interessierten B\u00fcrger herzlich einladen.<br \/>\nAm Freitag beginnen wir ab 16 Uhr mit der Begr\u00fc\u00dfung aller G\u00e4ste auf unserer Anlage, anschlie\u00dfend wird das Eichelschie\u00dfen durch die Ehreng\u00e4ste durchgef\u00fchrt.<\/span><!--more--><\/p>\n<p><span style=\"color: #333333; font-family: 'Helvetica','sans-serif'; font-size: 11.5pt;\">Nach dem alle Eicheln geschossen wurden, beginnt unser diesj\u00e4hriges Schie\u00dfen um die K\u00f6nigsw\u00fcrde.<br \/>\nAb 20 Uhr beginnen wir den Rothebuscher Abend mit Live-Musik im Festzelt. <\/span><\/p>\n<p><span style=\"color: #333333; font-family: 'Helvetica','sans-serif'; font-size: 11.5pt;\">Am Samstagnachmittag beginnen wir den zweiten Tag unseres Sch\u00fctzenfests mit dem Einholen des K\u00f6nigspaars. Um 17 Uhr marschieren wir vom Vereinsgel\u00e4nde ab. Dort l\u00e4dt das K\u00f6nigspaar zu einem kleinen Umtrunk sowie einer St\u00e4rkung f\u00fcr den weiteren Tag ein.<br \/>\nIm Anschluss an die St\u00e4rkung marschieren wir zur Totenehrung, die um 19 Uhr an der St. Marien Kirche Rothebusch stattfindet.<br \/>\nAb 20:30 Uhr geht es weiter mit Live-Musik der Rothebuscher Horst Sch\u00e4fer Band.<\/span><\/p>\n<p><span style=\"color: #333333; font-family: 'Helvetica','sans-serif'; font-size: 11.5pt;\">Am Sonntag beginnt unser Sch\u00fctzenfest um 11 Uhr mit der traditionellen Zeltmesse in unserem Sch\u00fctzenzelt. Dazu sind alle Rothebuscher B\u00fcrger herzlich eingeladen. Anschlie\u00dfend laden wir alle Besucher der Messe ein, bei einer frischen Grillwurst sowie k\u00fchlen Getr\u00e4nken auf unserem Sch\u00fctzenplatz zu verweilen.<br \/>\nUm 15:45 Uhr treffen wir uns zu unserem \u201eGro\u00dfen Festumzug durch Rothebusch, an der Gastst\u00e4tte Reimann auf der Rothebuschstra\u00dfe. Ab 16:45 Uhr findet ein Platzkonzert der Edelwei\u00df-Musikanten sowie dem Spielmannszug Rothebusch statt.<\/span><\/p>\n<p><span style=\"color: #333333; font-family: 'Helvetica','sans-serif'; font-size: 11.5pt;\">Am Abend endet dann das K\u00f6nigsjahr 2017\/18 f\u00fcr J\u00fcrgen III. und Margret VII. Theisen und wir werden unser neues K\u00f6nigspaar 2017\/18 inthronisieren.<\/span><\/p>\n<p><span style=\"color: #333333; font-family: 'Helvetica','sans-serif'; font-size: 11.5pt;\">An dieser Stelle, m\u00f6chte sich der Vorstand im Namen des Vereins bei J\u00fcrgen und Margret sowie dem Hofstatt bedanken. Alle zusammen haben unseren Verein auf jeder Veranstaltung hervorragend repr\u00e4sentiert.<\/span><\/p>\n<p>&nbsp;<\/p>\n","protected":false},"excerpt":{"rendered":"<p>Es ist wieder soweit, der H\u00f6hepunkt unseres Sch\u00fctzenjahres steht vor der T\u00fcr. Das j\u00e4hrliche Sch\u00fctzenfest auf Rothebusch an der N\u00fcrnbergerstr. 99 findet vom 17. &#8211; 19.08.2018 statt. Dazu m\u00f6chten das K\u00f6nigspaar J\u00fcrgen III. Theisen und Margret VII. Theisen mit Hofstaat alle Sch\u00fctzenbr\u00fcder, Sch\u00fctzenschwestern und interessierten B\u00fcrger herzlich einladen. Am Freitag beginnen wir ab 16 Uhr [&hellip;]<\/p>\n","protected":false},"author":12,"featured_media":2866,"comment_status":"closed","ping_status":"closed","sticky":false,"template":"","format":"standard","meta":{"footnotes":""},"categories":[6,1],"tags":[34,33],"class_list":{"0":"post-2028","1":"post","2":"type-post","3":"status-publish","4":"format-standard","5":"has-post-thumbnail","6":"hentry","7":"category-tradition","8":"category-vereinsleben","9":"tag-34","10":"tag-schuetzenfest","12":"post-with-thumbnail","13":"post-with-thumbnail-large"},"_links":{"self":[{"href":"https:\/\/www.sv-rothebusch.de\/site\/index.php?rest_route=\/wp\/v2\/posts\/2028","targetHints":{"allow":["GET"]}}],"collection":[{"href":"https:\/\/www.sv-rothebusch.de\/site\/index.php?rest_route=\/wp\/v2\/posts"}],"about":[{"href":"https:\/\/www.sv-rothebusch.de\/site\/index.php?rest_route=\/wp\/v2\/types\/post"}],"author":[{"embeddable":true,"href":"https:\/\/www.sv-rothebusch.de\/site\/index.php?rest_route=\/wp\/v2\/users\/12"}],"replies":[{"embeddable":true,"href":"https:\/\/www.sv-rothebusch.de\/site\/index.php?rest_route=%2Fwp%2Fv2%2Fcomments&post=2028"}],"version-history":[{"count":2,"href":"https:\/\/www.sv-rothebusch.de\/site\/index.php?rest_route=\/wp\/v2\/posts\/2028\/revisions"}],"predecessor-version":[{"id":2031,"href":"https:\/\/www.sv-rothebusch.de\/site\/index.php?rest_route=\/wp\/v2\/posts\/2028\/revisions\/2031"}],"wp:featuredmedia":[{"embeddable":true,"href":"https:\/\/www.sv-rothebusch.de\/site\/index.php?rest_route=\/wp\/v2\/media\/2866"}],"wp:attachment":[{"href":"https:\/\/www.sv-rothebusch.de\/site\/index.php?rest_route=%2Fwp%2Fv2%2Fmedia&parent=2028"}],"wp:term":[{"taxonomy":"category","embeddable":true,"href":"https:\/\/www.sv-rothebusch.de\/site\/index.php?rest_route=%2Fwp%2Fv2%2Fcategories&post=2028"},{"taxonomy":"post_tag","embeddable":true,"href":"https:\/\/www.sv-rothebusch.de\/site\/index.php?rest_route=%2Fwp%2Fv2%2Ftags&post=2028"}],"curies":[{"name":"wp","href":"https:\/\/api.w.org\/{rel}","templated":true}]}}