{"id":1824,"date":"2018-01-08T08:02:01","date_gmt":"2018-01-08T07:02:01","guid":{"rendered":"http:\/\/www.sv-rothebusch.de\/site\/?p=1824"},"modified":"2018-07-31T07:43:13","modified_gmt":"2018-07-31T06:43:13","slug":"einladung-jahreshauptversammlung-2018","status":"publish","type":"post","link":"https:\/\/www.sv-rothebusch.de\/site\/?p=1824","title":{"rendered":"Einladung Jahreshauptversammlung 2018"},"content":{"rendered":"<p>Am 28.01.2018 findet die j\u00e4hrliche Jahreshauptvermsammlung des Sch\u00fctzenvereins Rothebusch 1922 e.v. statt.<br \/>\nDazu l\u00e4d der noch amtierende Vorstand, herzlichst alle Mitglieder des Sch\u00fctzenvereins, auf unsere Anlage, an der N\u00fcrnbergerstr. 99 ein.<\/p>\n<p>Da in diesem Jahr Neuwahlen auf der Agenda stehen, w\u00fcrde sich der Vorstand besonders \u00fcber eine gro\u00dfe Zahl\u00a0von anwesenden\u00a0Mitgliedern freuen.<\/p>\n<p>Beginn der Versammlung wird\u00a0am 28.01.2018 um 10:30 Uhr sein.<\/p>\n<p>Gut Schuss<br \/>\nMaximilian Krafczyk<\/p>\n","protected":false},"excerpt":{"rendered":"<p>Am 28.01.2018 findet die j\u00e4hrliche Jahreshauptvermsammlung des Sch\u00fctzenvereins Rothebusch 1922 e.v. statt. Dazu l\u00e4d der noch amtierende Vorstand, herzlichst alle Mitglieder des Sch\u00fctzenvereins, auf unsere Anlage, an der N\u00fcrnbergerstr. 99 ein. Da in diesem Jahr Neuwahlen auf der Agenda stehen, w\u00fcrde sich der Vorstand besonders \u00fcber eine gro\u00dfe Zahl\u00a0von anwesenden\u00a0Mitgliedern freuen. Beginn der Versammlung wird\u00a0am [&hellip;]<\/p>\n","protected":false},"author":12,"featured_media":2866,"comment_status":"closed","ping_status":"closed","sticky":false,"template":"","format":"standard","meta":{"footnotes":""},"categories":[1],"tags":[34,42,31],"class_list":{"0":"post-1824","1":"post","2":"type-post","3":"status-publish","4":"format-standard","5":"has-post-thumbnail","6":"hentry","7":"category-vereinsleben","8":"tag-34","9":"tag-jhv","10":"tag-vorstand","12":"post-with-thumbnail","13":"post-with-thumbnail-large"},"_links":{"self":[{"href":"https:\/\/www.sv-rothebusch.de\/site\/index.php?rest_route=\/wp\/v2\/posts\/1824","targetHints":{"allow":["GET"]}}],"collection":[{"href":"https:\/\/www.sv-rothebusch.de\/site\/index.php?rest_route=\/wp\/v2\/posts"}],"about":[{"href":"https:\/\/www.sv-rothebusch.de\/site\/index.php?rest_route=\/wp\/v2\/types\/post"}],"author":[{"embeddable":true,"href":"https:\/\/www.sv-rothebusch.de\/site\/index.php?rest_route=\/wp\/v2\/users\/12"}],"replies":[{"embeddable":true,"href":"https:\/\/www.sv-rothebusch.de\/site\/index.php?rest_route=%2Fwp%2Fv2%2Fcomments&post=1824"}],"version-history":[{"count":1,"href":"https:\/\/www.sv-rothebusch.de\/site\/index.php?rest_route=\/wp\/v2\/posts\/1824\/revisions"}],"predecessor-version":[{"id":1825,"href":"https:\/\/www.sv-rothebusch.de\/site\/index.php?rest_route=\/wp\/v2\/posts\/1824\/revisions\/1825"}],"wp:featuredmedia":[{"embeddable":true,"href":"https:\/\/www.sv-rothebusch.de\/site\/index.php?rest_route=\/wp\/v2\/media\/2866"}],"wp:attachment":[{"href":"https:\/\/www.sv-rothebusch.de\/site\/index.php?rest_route=%2Fwp%2Fv2%2Fmedia&parent=1824"}],"wp:term":[{"taxonomy":"category","embeddable":true,"href":"https:\/\/www.sv-rothebusch.de\/site\/index.php?rest_route=%2Fwp%2Fv2%2Fcategories&post=1824"},{"taxonomy":"post_tag","embeddable":true,"href":"https:\/\/www.sv-rothebusch.de\/site\/index.php?rest_route=%2Fwp%2Fv2%2Ftags&post=1824"}],"curies":[{"name":"wp","href":"https:\/\/api.w.org\/{rel}","templated":true}]}}