{"id":1626,"date":"2017-07-03T15:59:53","date_gmt":"2017-07-03T14:59:53","guid":{"rendered":"http:\/\/www.sv-rothebusch.de\/site\/?p=1626"},"modified":"2017-07-03T20:14:08","modified_gmt":"2017-07-03T19:14:08","slug":"nachbericht-zum-schuetzenfest-bsv-1882","status":"publish","type":"post","link":"https:\/\/www.sv-rothebusch.de\/site\/?p=1626","title":{"rendered":"Nachbericht zum Sch\u00fctzenfest BSV 1882"},"content":{"rendered":"<p>Vom 30.06. \u2013 02.07.2017 feierten unsere Sch\u00fctzenschwestern und Sch\u00fctzenbr\u00fcder vom BSV 1882 Osterfeld ihr diesj\u00e4hrige Sch\u00fctzenfest.<br \/>\nAm Freitag begann das Sch\u00fctzenfest auf der Anlage an der Hochstr. 55 traditionell mit dem B\u00fcrgervogelschie\u00dfen. Erfolgreich waren beim Schie\u00dfen Hans-Werner Laudien und Matthias Wiesemann, die Zepter und rechten Fl\u00fcgel erringen konnten.<!--more--><\/p>\n<p>Am Samstag Morgen begann der Tag mit dem Schie\u00dfen um die K\u00f6nigsw\u00fcrde f\u00fcr das kommende K\u00f6nigsjahr 2017\/18. Erfolgreich war dabei Rolf Linder, der als Rolf II. Linder zusammen mit seiner K\u00f6nigin Sabine II. Rump regieren wird.<br \/>\nZu seinem Hofstaat wurden Hofmarschall Dirk Dickmann, Adjudant Malte Schergel, Prinzenpaar Claudia Wahl und Ralf Rump sowie die Hofdamen Britta Brandt und Angelina Rump ernannt.<br \/>\nBei der Jugend wurde Jannik Skrzeba zum neuen Prinzen gek\u00fcrt, als Adjudant wird ihn Jonas Schirmer begleiten.<br \/>\nDoch bevor das neue K\u00f6nigspaar ihr Amt antreten konnte, wurde das amtierende K\u00f6nigspaar Doreen I. Hoimann und Manuel I. Benz noch einmal geb\u00fchrend gefeiert. Beim K\u00f6nigsabholen luden sie zum Essen und Trinken auf die Lilienstra\u00dfe ein. Anschlie\u00dfend wurde mit dem gro\u00dfen Zapfenstreich allen verstorbenen Sch\u00fctzen sowie den Toten der Weltkriege gedacht.<br \/>\nLeider spielte das Wetter an diesem Tag nicht ganz mit und es gab immer wieder Schauer.<\/p>\n<p>Am Sonntag begann der letzte Tag des Sch\u00fctzenfestes mit dem traditionellen gro\u00dfen Umzug durch die Stra\u00dfen von Osterfeld. <a href=\"http:\/\/www.sv-rothebusch.de\/site\/wp-content\/uploads\/2017\/07\/19702561_355065861579753_3031701279943554420_n.jpg\"><img loading=\"lazy\" decoding=\"async\" class=\"size-medium wp-image-1629 alignleft\" src=\"http:\/\/www.sv-rothebusch.de\/site\/wp-content\/uploads\/2017\/07\/19702561_355065861579753_3031701279943554420_n-300x169.jpg\" alt=\"\" width=\"300\" height=\"169\" srcset=\"https:\/\/www.sv-rothebusch.de\/site\/wp-content\/uploads\/2017\/07\/19702561_355065861579753_3031701279943554420_n-300x169.jpg 300w, https:\/\/www.sv-rothebusch.de\/site\/wp-content\/uploads\/2017\/07\/19702561_355065861579753_3031701279943554420_n-768x432.jpg 768w, https:\/\/www.sv-rothebusch.de\/site\/wp-content\/uploads\/2017\/07\/19702561_355065861579753_3031701279943554420_n-500x281.jpg 500w, https:\/\/www.sv-rothebusch.de\/site\/wp-content\/uploads\/2017\/07\/19702561_355065861579753_3031701279943554420_n.jpg 960w\" sizes=\"auto, (max-width: 300px) 100vw, 300px\" \/><\/a><a href=\"http:\/\/www.sv-rothebusch.de\/site\/wp-content\/uploads\/2017\/07\/19702454_355066478246358_4909011734223026440_n.jpg\"><img loading=\"lazy\" decoding=\"async\" class=\"size-medium wp-image-1628 alignleft\" src=\"http:\/\/www.sv-rothebusch.de\/site\/wp-content\/uploads\/2017\/07\/19702454_355066478246358_4909011734223026440_n-300x169.jpg\" alt=\"\" width=\"300\" height=\"169\" srcset=\"https:\/\/www.sv-rothebusch.de\/site\/wp-content\/uploads\/2017\/07\/19702454_355066478246358_4909011734223026440_n-300x169.jpg 300w, https:\/\/www.sv-rothebusch.de\/site\/wp-content\/uploads\/2017\/07\/19702454_355066478246358_4909011734223026440_n-768x432.jpg 768w, https:\/\/www.sv-rothebusch.de\/site\/wp-content\/uploads\/2017\/07\/19702454_355066478246358_4909011734223026440_n-500x281.jpg 500w, https:\/\/www.sv-rothebusch.de\/site\/wp-content\/uploads\/2017\/07\/19702454_355066478246358_4909011734223026440_n.jpg 960w\" sizes=\"auto, (max-width: 300px) 100vw, 300px\" \/><\/a><\/p>\n<p>Anschlie\u00dfend wurde die feierliche Inthronisation des neuen K\u00f6nigspaars vorgenommen.<\/p>\n<p>An dieser Stelle w\u00fcnschen wir den neuen Majest\u00e4ten alles Gute und viel Spa\u00df f\u00fcr ihr kommendes K\u00f6nigsjahr.<\/p>\n<p>Gut Schuss<\/p>\n<p>Maximilian Krafczyk<\/p>\n<p>&nbsp;<\/p>\n<p>&nbsp;<\/p>\n<p><a href=\"http:\/\/www.sv-rothebusch.de\/site\/wp-content\/uploads\/2017\/07\/19657030_355065441579795_2118253763304371581_n.jpg\"><img loading=\"lazy\" decoding=\"async\" class=\"size-medium wp-image-1627 aligncenter\" src=\"http:\/\/www.sv-rothebusch.de\/site\/wp-content\/uploads\/2017\/07\/19657030_355065441579795_2118253763304371581_n-165x300.jpg\" alt=\"\" width=\"165\" height=\"300\" srcset=\"https:\/\/www.sv-rothebusch.de\/site\/wp-content\/uploads\/2017\/07\/19657030_355065441579795_2118253763304371581_n-165x300.jpg 165w, https:\/\/www.sv-rothebusch.de\/site\/wp-content\/uploads\/2017\/07\/19657030_355065441579795_2118253763304371581_n.jpg 528w\" sizes=\"auto, (max-width: 165px) 100vw, 165px\" \/><\/a><\/p>\n","protected":false},"excerpt":{"rendered":"<p>Vom 30.06. \u2013 02.07.2017 feierten unsere Sch\u00fctzenschwestern und Sch\u00fctzenbr\u00fcder vom BSV 1882 Osterfeld ihr diesj\u00e4hrige Sch\u00fctzenfest. Am Freitag begann das Sch\u00fctzenfest auf der Anlage an der Hochstr. 55 traditionell mit dem B\u00fcrgervogelschie\u00dfen. Erfolgreich waren beim Schie\u00dfen Hans-Werner Laudien und Matthias Wiesemann, die Zepter und rechten Fl\u00fcgel erringen konnten.<\/p>\n","protected":false},"author":12,"featured_media":2866,"comment_status":"closed","ping_status":"closed","sticky":false,"template":"","format":"standard","meta":{"footnotes":""},"categories":[6,1],"tags":[],"class_list":{"0":"post-1626","1":"post","2":"type-post","3":"status-publish","4":"format-standard","5":"has-post-thumbnail","6":"hentry","7":"category-tradition","8":"category-vereinsleben","10":"post-with-thumbnail","11":"post-with-thumbnail-large"},"_links":{"self":[{"href":"https:\/\/www.sv-rothebusch.de\/site\/index.php?rest_route=\/wp\/v2\/posts\/1626","targetHints":{"allow":["GET"]}}],"collection":[{"href":"https:\/\/www.sv-rothebusch.de\/site\/index.php?rest_route=\/wp\/v2\/posts"}],"about":[{"href":"https:\/\/www.sv-rothebusch.de\/site\/index.php?rest_route=\/wp\/v2\/types\/post"}],"author":[{"embeddable":true,"href":"https:\/\/www.sv-rothebusch.de\/site\/index.php?rest_route=\/wp\/v2\/users\/12"}],"replies":[{"embeddable":true,"href":"https:\/\/www.sv-rothebusch.de\/site\/index.php?rest_route=%2Fwp%2Fv2%2Fcomments&post=1626"}],"version-history":[{"count":4,"href":"https:\/\/www.sv-rothebusch.de\/site\/index.php?rest_route=\/wp\/v2\/posts\/1626\/revisions"}],"predecessor-version":[{"id":1640,"href":"https:\/\/www.sv-rothebusch.de\/site\/index.php?rest_route=\/wp\/v2\/posts\/1626\/revisions\/1640"}],"wp:featuredmedia":[{"embeddable":true,"href":"https:\/\/www.sv-rothebusch.de\/site\/index.php?rest_route=\/wp\/v2\/media\/2866"}],"wp:attachment":[{"href":"https:\/\/www.sv-rothebusch.de\/site\/index.php?rest_route=%2Fwp%2Fv2%2Fmedia&parent=1626"}],"wp:term":[{"taxonomy":"category","embeddable":true,"href":"https:\/\/www.sv-rothebusch.de\/site\/index.php?rest_route=%2Fwp%2Fv2%2Fcategories&post=1626"},{"taxonomy":"post_tag","embeddable":true,"href":"https:\/\/www.sv-rothebusch.de\/site\/index.php?rest_route=%2Fwp%2Fv2%2Ftags&post=1626"}],"curies":[{"name":"wp","href":"https:\/\/api.w.org\/{rel}","templated":true}]}}