{"id":1224,"date":"2016-02-21T18:05:38","date_gmt":"2016-02-21T17:05:38","guid":{"rendered":"http:\/\/www.sv-rothebusch.de\/site\/?p=1224"},"modified":"2016-02-28T12:02:57","modified_gmt":"2016-02-28T11:02:57","slug":"neuer-vorstand","status":"publish","type":"post","link":"https:\/\/www.sv-rothebusch.de\/site\/?p=1224","title":{"rendered":"Neuer Vorstand"},"content":{"rendered":"<p>Bei unserer diesj\u00e4hrigen Jahreshauptversammlung haben unsere Mitglieder einen neuen Vereinsvorstand gew\u00e4hlt. Da unsere langj\u00e4hrigen Vorstandsmitglieder Traudl Buschhorn und Herbert Buschhorn sowie Michelle Len\u00dfen sich nicht zur Wiederwahl stellten, mussten drei Positionen neu besetzt werden. In diesem Zuge wurde unser Vorstand weiter verj\u00fcngt und auch unsere &#8222;Eigengew\u00e4chse&#8220; konnten f\u00fcr die Vorstandsarbeit begeistert werden.<!--more-->Unser Vereinsvorstand besteht aus:<\/p>\n<p><a href=\"http:\/\/www.sv-rothebusch.de\/site\/wp-content\/uploads\/2016\/02\/IMG_7635.jpg\"><img loading=\"lazy\" decoding=\"async\" class=\"wp-image-1229 alignleft\" src=\"http:\/\/www.sv-rothebusch.de\/site\/wp-content\/uploads\/2016\/02\/IMG_7635-200x300.jpg\" alt=\"IMG_7635\" width=\"100\" height=\"147\" \/><\/a><\/p>\n<p>&nbsp;<\/p>\n<p>&nbsp;<\/p>\n<p>&nbsp;<\/p>\n<p>1. Vorsitzender: Matthias Wiesemann (25)<\/p>\n<p><a href=\"http:\/\/www.sv-rothebusch.de\/site\/wp-content\/uploads\/2016\/02\/IMG_7638.jpg\"><img loading=\"lazy\" decoding=\"async\" class=\"alignleft wp-image-1230\" src=\"http:\/\/www.sv-rothebusch.de\/site\/wp-content\/uploads\/2016\/02\/IMG_7638-200x300.jpg\" alt=\"IMG_7638\" width=\"100\" height=\"150\" srcset=\"https:\/\/www.sv-rothebusch.de\/site\/wp-content\/uploads\/2016\/02\/IMG_7638-200x300.jpg 200w, https:\/\/www.sv-rothebusch.de\/site\/wp-content\/uploads\/2016\/02\/IMG_7638-683x1024.jpg 683w, https:\/\/www.sv-rothebusch.de\/site\/wp-content\/uploads\/2016\/02\/IMG_7638.jpg 1850w\" sizes=\"auto, (max-width: 100px) 100vw, 100px\" \/><\/a><\/p>\n<p>&nbsp;<\/p>\n<p>&nbsp;<\/p>\n<p>&nbsp;<\/p>\n<p>2. Vorsitzender: Jens Grothe (44)<\/p>\n<p><a href=\"http:\/\/www.sv-rothebusch.de\/site\/wp-content\/uploads\/2016\/02\/IMG_7626.jpg\"><img loading=\"lazy\" decoding=\"async\" class=\"alignleft wp-image-1228\" src=\"http:\/\/www.sv-rothebusch.de\/site\/wp-content\/uploads\/2016\/02\/IMG_7626-200x300.jpg\" alt=\"IMG_7626\" width=\"100\" height=\"150\" srcset=\"https:\/\/www.sv-rothebusch.de\/site\/wp-content\/uploads\/2016\/02\/IMG_7626-200x300.jpg 200w, https:\/\/www.sv-rothebusch.de\/site\/wp-content\/uploads\/2016\/02\/IMG_7626-683x1024.jpg 683w\" sizes=\"auto, (max-width: 100px) 100vw, 100px\" \/><\/a><\/p>\n<p>&nbsp;<\/p>\n<p>&nbsp;<\/p>\n<p>&nbsp;<\/p>\n<p>3. Vorsitzender: Norbert Grothe (70)<\/p>\n<p><a href=\"http:\/\/www.sv-rothebusch.de\/site\/wp-content\/uploads\/2016\/02\/IMG_7656.jpg\"><img loading=\"lazy\" decoding=\"async\" class=\"alignleft wp-image-1232\" src=\"http:\/\/www.sv-rothebusch.de\/site\/wp-content\/uploads\/2016\/02\/IMG_7656-200x300.jpg\" alt=\"IMG_7656\" width=\"100\" height=\"150\" srcset=\"https:\/\/www.sv-rothebusch.de\/site\/wp-content\/uploads\/2016\/02\/IMG_7656-200x300.jpg 200w, https:\/\/www.sv-rothebusch.de\/site\/wp-content\/uploads\/2016\/02\/IMG_7656-683x1024.jpg 683w, https:\/\/www.sv-rothebusch.de\/site\/wp-content\/uploads\/2016\/02\/IMG_7656.jpg 1926w\" sizes=\"auto, (max-width: 100px) 100vw, 100px\" \/><\/a><\/p>\n<p>&nbsp;<\/p>\n<p>&nbsp;<\/p>\n<p>&nbsp;<\/p>\n<p>Gesch\u00e4ftsf\u00fchrer: Torsten Hils (50)<\/p>\n<p><a href=\"http:\/\/www.sv-rothebusch.de\/site\/wp-content\/uploads\/2016\/02\/IMG_7641.jpg\"><img loading=\"lazy\" decoding=\"async\" class=\"alignleft wp-image-1231\" src=\"http:\/\/www.sv-rothebusch.de\/site\/wp-content\/uploads\/2016\/02\/IMG_7641-200x300.jpg\" alt=\"IMG_7641\" width=\"100\" height=\"150\" srcset=\"https:\/\/www.sv-rothebusch.de\/site\/wp-content\/uploads\/2016\/02\/IMG_7641-200x300.jpg 200w, https:\/\/www.sv-rothebusch.de\/site\/wp-content\/uploads\/2016\/02\/IMG_7641-683x1024.jpg 683w\" sizes=\"auto, (max-width: 100px) 100vw, 100px\" \/><\/a><\/p>\n<p>&nbsp;<\/p>\n<p>&nbsp;<\/p>\n<p>&nbsp;<\/p>\n<p>1. Kassiererin: Marlies Gertz (65)<\/p>\n<p><a href=\"http:\/\/www.sv-rothebusch.de\/site\/wp-content\/uploads\/2016\/02\/IMG_7623.jpg\"><img loading=\"lazy\" decoding=\"async\" class=\"alignleft wp-image-1227\" src=\"http:\/\/www.sv-rothebusch.de\/site\/wp-content\/uploads\/2016\/02\/IMG_7623-200x300.jpg\" alt=\"IMG_7623\" width=\"100\" height=\"150\" srcset=\"https:\/\/www.sv-rothebusch.de\/site\/wp-content\/uploads\/2016\/02\/IMG_7623-200x300.jpg 200w, https:\/\/www.sv-rothebusch.de\/site\/wp-content\/uploads\/2016\/02\/IMG_7623-683x1024.jpg 683w\" sizes=\"auto, (max-width: 100px) 100vw, 100px\" \/><\/a><\/p>\n<p>&nbsp;<\/p>\n<p>&nbsp;<\/p>\n<p>&nbsp;<\/p>\n<p>2. Kassierer: Kevin Wa\u00dfer (24)<\/p>\n<p><a href=\"http:\/\/www.sv-rothebusch.de\/site\/wp-content\/uploads\/2016\/02\/IMG_7621.jpg\"><img loading=\"lazy\" decoding=\"async\" class=\"alignleft wp-image-1226\" src=\"http:\/\/www.sv-rothebusch.de\/site\/wp-content\/uploads\/2016\/02\/IMG_7621-200x300.jpg\" alt=\"IMG_7621\" width=\"100\" height=\"150\" srcset=\"https:\/\/www.sv-rothebusch.de\/site\/wp-content\/uploads\/2016\/02\/IMG_7621-200x300.jpg 200w, https:\/\/www.sv-rothebusch.de\/site\/wp-content\/uploads\/2016\/02\/IMG_7621-683x1024.jpg 683w\" sizes=\"auto, (max-width: 100px) 100vw, 100px\" \/><\/a><\/p>\n<p>&nbsp;<\/p>\n<p>&nbsp;<\/p>\n<p>&nbsp;<\/p>\n<p>Schriftf\u00fchrer: Miximilian Krafczyk (20)<\/p>\n","protected":false},"excerpt":{"rendered":"<p>Bei unserer diesj\u00e4hrigen Jahreshauptversammlung haben unsere Mitglieder einen neuen Vereinsvorstand gew\u00e4hlt. Da unsere langj\u00e4hrigen Vorstandsmitglieder Traudl Buschhorn und Herbert Buschhorn sowie Michelle Len\u00dfen sich nicht zur Wiederwahl stellten, mussten drei Positionen neu besetzt werden. In diesem Zuge wurde unser Vorstand weiter verj\u00fcngt und auch unsere &#8222;Eigengew\u00e4chse&#8220; konnten f\u00fcr die Vorstandsarbeit begeistert werden.<\/p>\n","protected":false},"author":6,"featured_media":2866,"comment_status":"closed","ping_status":"closed","sticky":false,"template":"","format":"standard","meta":{"footnotes":""},"categories":[1],"tags":[31],"class_list":{"0":"post-1224","1":"post","2":"type-post","3":"status-publish","4":"format-standard","5":"has-post-thumbnail","6":"hentry","7":"category-vereinsleben","8":"tag-vorstand","10":"post-with-thumbnail","11":"post-with-thumbnail-large"},"_links":{"self":[{"href":"https:\/\/www.sv-rothebusch.de\/site\/index.php?rest_route=\/wp\/v2\/posts\/1224","targetHints":{"allow":["GET"]}}],"collection":[{"href":"https:\/\/www.sv-rothebusch.de\/site\/index.php?rest_route=\/wp\/v2\/posts"}],"about":[{"href":"https:\/\/www.sv-rothebusch.de\/site\/index.php?rest_route=\/wp\/v2\/types\/post"}],"author":[{"embeddable":true,"href":"https:\/\/www.sv-rothebusch.de\/site\/index.php?rest_route=\/wp\/v2\/users\/6"}],"replies":[{"embeddable":true,"href":"https:\/\/www.sv-rothebusch.de\/site\/index.php?rest_route=%2Fwp%2Fv2%2Fcomments&post=1224"}],"version-history":[{"count":7,"href":"https:\/\/www.sv-rothebusch.de\/site\/index.php?rest_route=\/wp\/v2\/posts\/1224\/revisions"}],"predecessor-version":[{"id":1252,"href":"https:\/\/www.sv-rothebusch.de\/site\/index.php?rest_route=\/wp\/v2\/posts\/1224\/revisions\/1252"}],"wp:featuredmedia":[{"embeddable":true,"href":"https:\/\/www.sv-rothebusch.de\/site\/index.php?rest_route=\/wp\/v2\/media\/2866"}],"wp:attachment":[{"href":"https:\/\/www.sv-rothebusch.de\/site\/index.php?rest_route=%2Fwp%2Fv2%2Fmedia&parent=1224"}],"wp:term":[{"taxonomy":"category","embeddable":true,"href":"https:\/\/www.sv-rothebusch.de\/site\/index.php?rest_route=%2Fwp%2Fv2%2Fcategories&post=1224"},{"taxonomy":"post_tag","embeddable":true,"href":"https:\/\/www.sv-rothebusch.de\/site\/index.php?rest_route=%2Fwp%2Fv2%2Ftags&post=1224"}],"curies":[{"name":"wp","href":"https:\/\/api.w.org\/{rel}","templated":true}]}}